	{"id":11382,"date":"2021-05-25T16:26:09","date_gmt":"2021-05-25T14:26:09","guid":{"rendered":"http:\/\/rebub.u-bordeaux.fr\/?p=11382"},"modified":"2021-05-25T16:55:29","modified_gmt":"2021-05-25T14:55:29","slug":"entree-du-pole-memoire-de-villeneuve-sur-lot-dans-le-reseau-sudoc-ps","status":"publish","type":"post","link":"http:\/\/rebub.u-bordeaux.fr\/index.php\/entree-du-pole-memoire-de-villeneuve-sur-lot-dans-le-reseau-sudoc-ps\/","title":{"rendered":"Entr\u00e9e du P\u00f4le m\u00e9moire de Villeneuve-sur-Lot dans le r\u00e9seau Sudoc-PS"},"content":{"rendered":"<h3 id=\"stoc-la-memoire-dune-ville\" class=\"wpig-heading\">La m\u00e9moire d\u2019une ville<\/h3>\n<p><em>Les Archives municipales de Villeneuve-sur-Lot, rebaptis\u00e9es \u00ab P\u00f4le m\u00e9moire \u00bb, ont \u00e9t\u00e9 relocalis\u00e9es r\u00e9cemment sur le site de Gajac dans une partie de l\u2019ancien moulin du XVIII\u00e8me si\u00e8cle.<\/em><\/p>\n<p>Le lieu comprend deux grandes salles de stockage (qui repr\u00e9sentent 3km lin\u00e9aires), une salle de lecture, une salle d\u2019ateliers p\u00e9dagogiques (qui sert aux animations), un espace d\u00e9di\u00e9 aux fonds iconographiques et photographiques et la biblioth\u00e8que historique des archives.<\/p>\n<p>Le fonds du P\u00f4le m\u00e9moire regroupe toutes les archives de la ville concernant son histoire (un fonds \u00ab\u00a0R\u00e9volution fran\u00e7aise\u00a0\u00bb), son architecture, son embellissement (archives modernes du XIX\u00e8me \u00e0 1960) et des personnalit\u00e9s marquantes (fonds Georges Leygues, Jacques-Rapha\u00ebl Leygues ou Ray Delvert).<\/p>\n<p>Nous sommes extr\u00eamement ravis d\u2019accueillir le P\u00f4le m\u00e9moire au sein du r\u00e9seau Sudoc-PS\u00a0!<\/p>\n<p><img decoding=\"async\" loading=\"lazy\" class=\"aligncenter wp-image-11423 size-large\" src=\"http:\/\/rebub.u-bordeaux.fr\/wp-content\/uploads\/2021\/05\/Archives-Villeneuve-sur-Lot_1-1024x768.jpeg\" alt=\"\" width=\"640\" height=\"480\" srcset=\"https:\/\/rebub.u-bordeaux.fr\/wp-content\/uploads\/2021\/05\/Archives-Villeneuve-sur-Lot_1-1024x768.jpeg 1024w, https:\/\/rebub.u-bordeaux.fr\/wp-content\/uploads\/2021\/05\/Archives-Villeneuve-sur-Lot_1-300x225.jpeg 300w, https:\/\/rebub.u-bordeaux.fr\/wp-content\/uploads\/2021\/05\/Archives-Villeneuve-sur-Lot_1-768x576.jpeg 768w, https:\/\/rebub.u-bordeaux.fr\/wp-content\/uploads\/2021\/05\/Archives-Villeneuve-sur-Lot_1-1536x1152.jpeg 1536w, https:\/\/rebub.u-bordeaux.fr\/wp-content\/uploads\/2021\/05\/Archives-Villeneuve-sur-Lot_1-2048x1536.jpeg 2048w\" sizes=\"(max-width: 640px) 100vw, 640px\" \/><\/p>\n<p><img decoding=\"async\" loading=\"lazy\" class=\"aligncenter wp-image-11424\" src=\"http:\/\/rebub.u-bordeaux.fr\/wp-content\/uploads\/2021\/05\/Archives-Villeneuve-sur-Lot_2-225x300.jpeg\" alt=\"\" width=\"450\" height=\"600\" srcset=\"https:\/\/rebub.u-bordeaux.fr\/wp-content\/uploads\/2021\/05\/Archives-Villeneuve-sur-Lot_2-225x300.jpeg 225w, https:\/\/rebub.u-bordeaux.fr\/wp-content\/uploads\/2021\/05\/Archives-Villeneuve-sur-Lot_2-768x1024.jpeg 768w, https:\/\/rebub.u-bordeaux.fr\/wp-content\/uploads\/2021\/05\/Archives-Villeneuve-sur-Lot_2-1152x1536.jpeg 1152w, https:\/\/rebub.u-bordeaux.fr\/wp-content\/uploads\/2021\/05\/Archives-Villeneuve-sur-Lot_2-1536x2048.jpeg 1536w, https:\/\/rebub.u-bordeaux.fr\/wp-content\/uploads\/2021\/05\/Archives-Villeneuve-sur-Lot_2-scaled.jpeg 1920w\" sizes=\"(max-width: 450px) 100vw, 450px\" \/><\/p>\n<h3 id=\"stoc-le-signalement-dans-le-sudoc-ps\" class=\"wpig-heading\">Le signalement dans le Sudoc-PS<\/h3>\n<p>Dans le cadre de l\u2019int\u00e9gration du P\u00f4le m\u00e9moire dans le r\u00e9seau CR Sudoc-PS Nouvelle Aquitaine \u2013 Acad\u00e9mie de Bordeaux, 45 titres patrimoniaux et locaux ont \u00e9t\u00e9 signal\u00e9s.<\/p>\n<p>Tous ces p\u00e9riodiques sont \u00e0 retrouver dans le Sudoc\u00a0: <a href=\"http:\/\/www.sudoc.abes.fr\/cbs\/DB=2.1\/CMD?ACT=SRCHA&amp;IKT=1016&amp;SRT=RLV&amp;TRM=rbc+473235101\">http:\/\/www.sudoc.abes.fr\/cbs\/\/DB=2.1\/CMD?ACT=SRCHA&amp;IKT=1016&amp;SRT=RLV&amp;TRM=rbc+473235101<\/a><\/p>\n<p>Certains de ces titres viennent compl\u00e9ter les collections de p\u00e9riodiques signal\u00e9s pour les AD de Lot-et-Garonne<\/p>\n<p><em>S\u00e9lections de quelques titres de p\u00e9riodiques :<\/em><\/p>\n<div id=\"metaslider-id-11385\" style=\"max-width: 460px; margin: 0 auto;\" class=\"ml-slider-3-108-0 metaslider metaslider-nivo metaslider-11385 ml-slider has-dots-nav ms-theme-default\" role=\"region\" aria-label=\"P\u00f4le M\u00e9moire (portrait)\" data-height=\"480\" data-width=\"460\">\n    <div id=\"metaslider_container_11385\">\n        <div class='slider-wrapper theme-default'><div class='ribbon'><\/div><div id='metaslider_11385' class='nivoSlider'><img width=\"873\" height=\"1487\" src=\"https:\/\/rebub.u-bordeaux.fr\/wp-content\/uploads\/2021\/05\/Journal-e-Lot-t-Garonne-1814.png\" class=\"slider-11385 slide-11404 msDefaultImage\" alt=\"\" decoding=\"async\" loading=\"lazy\" data-caption=\"Journal de Lot-et-Garonne, ISSN 2130-4939 publi&eacute; &agrave; Agen de 1806 &agrave; 1831 \" data-thumb=\"\" title=\"Journal e Lot-t-Garonne 1814\" rel=\"\" srcset=\"https:\/\/rebub.u-bordeaux.fr\/wp-content\/uploads\/2021\/05\/Journal-e-Lot-t-Garonne-1814.png 873w, https:\/\/rebub.u-bordeaux.fr\/wp-content\/uploads\/2021\/05\/Journal-e-Lot-t-Garonne-1814-176x300.png 176w, https:\/\/rebub.u-bordeaux.fr\/wp-content\/uploads\/2021\/05\/Journal-e-Lot-t-Garonne-1814-601x1024.png 601w, https:\/\/rebub.u-bordeaux.fr\/wp-content\/uploads\/2021\/05\/Journal-e-Lot-t-Garonne-1814-768x1308.png 768w\" sizes=\"(max-width: 873px) 100vw, 873px\" \/><\/div><\/div>\n        \n    <\/div>\n<\/div>\n<div id=\"metaslider-id-11408\" style=\"max-width: 520px; margin: 0 auto;\" class=\"ml-slider-3-108-0 metaslider metaslider-nivo metaslider-11408 ml-slider has-dots-nav ms-theme-default\" role=\"region\" aria-label=\"P\u00f4le M\u00e9moire (paysage)\" data-height=\"500\" data-width=\"520\">\n    <div id=\"metaslider_container_11408\">\n        <div class='slider-wrapper theme-default'><div class='ribbon'><\/div><div id='metaslider_11408' class='nivoSlider'><img width=\"2141\" height=\"1624\" src=\"https:\/\/rebub.u-bordeaux.fr\/wp-content\/uploads\/2021\/05\/journal-Lou-Calel-1-janvier-1892.jpg\" class=\"slider-11408 slide-11411 msDefaultImage\" alt=\"\" decoding=\"async\" loading=\"lazy\" data-caption=\"Lou Cal&egrave;l : journal patois, ISSN 1150-0964 publi&eacute; &agrave; Billon&eacute;bo-sur-Lot de 1892 &agrave; 1896\" data-thumb=\"\" title=\"journal Lou Calel, 1 janvier 1892\" rel=\"\" srcset=\"https:\/\/rebub.u-bordeaux.fr\/wp-content\/uploads\/2021\/05\/journal-Lou-Calel-1-janvier-1892.jpg 2141w, https:\/\/rebub.u-bordeaux.fr\/wp-content\/uploads\/2021\/05\/journal-Lou-Calel-1-janvier-1892-300x228.jpg 300w, https:\/\/rebub.u-bordeaux.fr\/wp-content\/uploads\/2021\/05\/journal-Lou-Calel-1-janvier-1892-1024x777.jpg 1024w, https:\/\/rebub.u-bordeaux.fr\/wp-content\/uploads\/2021\/05\/journal-Lou-Calel-1-janvier-1892-768x583.jpg 768w, https:\/\/rebub.u-bordeaux.fr\/wp-content\/uploads\/2021\/05\/journal-Lou-Calel-1-janvier-1892-1536x1165.jpg 1536w, https:\/\/rebub.u-bordeaux.fr\/wp-content\/uploads\/2021\/05\/journal-Lou-Calel-1-janvier-1892-2048x1553.jpg 2048w\" sizes=\"(max-width: 2141px) 100vw, 2141px\" \/><img width=\"1984\" height=\"1580\" src=\"https:\/\/rebub.u-bordeaux.fr\/wp-content\/uploads\/2021\/05\/journal-lEcho-de-lAgenais-juin-1899.jpg\" class=\"slider-11408 slide-11415 msDefaultImage\" alt=\"\" decoding=\"async\" loading=\"lazy\" data-caption=\"L&#039;Echo de l&#039;Agenais, ISSN 2126-1997 publi&eacute; &agrave; Agen en 1899\" data-thumb=\"\" title=\"journal l&#039;Echo de l&#039;Agenais, juin 1899\" rel=\"\" srcset=\"https:\/\/rebub.u-bordeaux.fr\/wp-content\/uploads\/2021\/05\/journal-lEcho-de-lAgenais-juin-1899.jpg 1984w, https:\/\/rebub.u-bordeaux.fr\/wp-content\/uploads\/2021\/05\/journal-lEcho-de-lAgenais-juin-1899-300x239.jpg 300w, https:\/\/rebub.u-bordeaux.fr\/wp-content\/uploads\/2021\/05\/journal-lEcho-de-lAgenais-juin-1899-1024x815.jpg 1024w, https:\/\/rebub.u-bordeaux.fr\/wp-content\/uploads\/2021\/05\/journal-lEcho-de-lAgenais-juin-1899-768x612.jpg 768w, https:\/\/rebub.u-bordeaux.fr\/wp-content\/uploads\/2021\/05\/journal-lEcho-de-lAgenais-juin-1899-1536x1223.jpg 1536w\" sizes=\"(max-width: 1984px) 100vw, 1984px\" \/><img width=\"2141\" height=\"1569\" src=\"https:\/\/rebub.u-bordeaux.fr\/wp-content\/uploads\/2021\/05\/journal-de-Lot-et-Garonne-1849.jpg\" class=\"slider-11408 slide-11409 msDefaultImage\" alt=\"\" decoding=\"async\" loading=\"lazy\" data-caption=\"Journal de Lot-et-Garonne, ISSN 2112-096X publi&eacute; &agrave; Agen de 1843 &agrave; 1917\" data-thumb=\"\" title=\"journal de Lot et Garonne, 1849\" rel=\"\" srcset=\"https:\/\/rebub.u-bordeaux.fr\/wp-content\/uploads\/2021\/05\/journal-de-Lot-et-Garonne-1849.jpg 2141w, https:\/\/rebub.u-bordeaux.fr\/wp-content\/uploads\/2021\/05\/journal-de-Lot-et-Garonne-1849-300x220.jpg 300w, https:\/\/rebub.u-bordeaux.fr\/wp-content\/uploads\/2021\/05\/journal-de-Lot-et-Garonne-1849-1024x750.jpg 1024w, https:\/\/rebub.u-bordeaux.fr\/wp-content\/uploads\/2021\/05\/journal-de-Lot-et-Garonne-1849-768x563.jpg 768w, https:\/\/rebub.u-bordeaux.fr\/wp-content\/uploads\/2021\/05\/journal-de-Lot-et-Garonne-1849-1536x1126.jpg 1536w, https:\/\/rebub.u-bordeaux.fr\/wp-content\/uploads\/2021\/05\/journal-de-Lot-et-Garonne-1849-2048x1501.jpg 2048w\" sizes=\"(max-width: 2141px) 100vw, 2141px\" \/><img width=\"2263\" height=\"796\" src=\"https:\/\/rebub.u-bordeaux.fr\/wp-content\/uploads\/2021\/05\/Journal-Des-mots-1962.png\" class=\"slider-11408 slide-11414 msDefaultImage\" alt=\"\" decoding=\"async\" loading=\"lazy\" data-caption=\"Des mots ... : hebdomadaires, villeneuvois, apolitiques, ISSN 2264-4164 publi&eacute; &agrave; Villeneuve-sur-Lot de 1953 &agrave; 1988 \" data-thumb=\"\" title=\"Journal Des mots, 1962\" rel=\"\" srcset=\"https:\/\/rebub.u-bordeaux.fr\/wp-content\/uploads\/2021\/05\/Journal-Des-mots-1962.png 2263w, https:\/\/rebub.u-bordeaux.fr\/wp-content\/uploads\/2021\/05\/Journal-Des-mots-1962-300x106.png 300w, https:\/\/rebub.u-bordeaux.fr\/wp-content\/uploads\/2021\/05\/Journal-Des-mots-1962-1024x360.png 1024w, https:\/\/rebub.u-bordeaux.fr\/wp-content\/uploads\/2021\/05\/Journal-Des-mots-1962-768x270.png 768w, https:\/\/rebub.u-bordeaux.fr\/wp-content\/uploads\/2021\/05\/Journal-Des-mots-1962-1536x540.png 1536w, https:\/\/rebub.u-bordeaux.fr\/wp-content\/uploads\/2021\/05\/Journal-Des-mots-1962-2048x720.png 2048w\" sizes=\"(max-width: 2263px) 100vw, 2263px\" \/><\/div><\/div>\n        \n    <\/div>\n<\/div>\n\n\n<p><\/p>\n","protected":false},"excerpt":{"rendered":"<p>Table des mati\u00e8res[ Show ]La m\u00e9moire d\u2019une villeLe signalement dans le Sudoc-PSLa m\u00e9moire d\u2019une ville Les Archives municipales de Villeneuve-sur-Lot, rebaptis\u00e9es \u00ab P\u00f4le m\u00e9moire \u00bb, ont \u00e9t\u00e9 relocalis\u00e9es r\u00e9cemment sur le site de Gajac dans une partie de l\u2019ancien moulin&#8230;<\/p>\n","protected":false},"author":46,"featured_media":11427,"comment_status":"closed","ping_status":"closed","sticky":false,"template":"","format":"standard","meta":[],"categories":[52],"tags":[],"post_mailing_queue_ids":[],"_links":{"self":[{"href":"http:\/\/rebub.u-bordeaux.fr\/index.php\/wp-json\/wp\/v2\/posts\/11382"}],"collection":[{"href":"http:\/\/rebub.u-bordeaux.fr\/index.php\/wp-json\/wp\/v2\/posts"}],"about":[{"href":"http:\/\/rebub.u-bordeaux.fr\/index.php\/wp-json\/wp\/v2\/types\/post"}],"author":[{"embeddable":true,"href":"http:\/\/rebub.u-bordeaux.fr\/index.php\/wp-json\/wp\/v2\/users\/46"}],"replies":[{"embeddable":true,"href":"http:\/\/rebub.u-bordeaux.fr\/index.php\/wp-json\/wp\/v2\/comments?post=11382"}],"version-history":[{"count":16,"href":"http:\/\/rebub.u-bordeaux.fr\/index.php\/wp-json\/wp\/v2\/posts\/11382\/revisions"}],"predecessor-version":[{"id":11434,"href":"http:\/\/rebub.u-bordeaux.fr\/index.php\/wp-json\/wp\/v2\/posts\/11382\/revisions\/11434"}],"wp:featuredmedia":[{"embeddable":true,"href":"http:\/\/rebub.u-bordeaux.fr\/index.php\/wp-json\/wp\/v2\/media\/11427"}],"wp:attachment":[{"href":"http:\/\/rebub.u-bordeaux.fr\/index.php\/wp-json\/wp\/v2\/media?parent=11382"}],"wp:term":[{"taxonomy":"category","embeddable":true,"href":"http:\/\/rebub.u-bordeaux.fr\/index.php\/wp-json\/wp\/v2\/categories?post=11382"},{"taxonomy":"post_tag","embeddable":true,"href":"http:\/\/rebub.u-bordeaux.fr\/index.php\/wp-json\/wp\/v2\/tags?post=11382"}],"curies":[{"name":"wp","href":"https:\/\/api.w.org\/{rel}","templated":true}]}}