	{"id":12894,"date":"2021-12-02T10:00:00","date_gmt":"2021-12-02T09:00:00","guid":{"rendered":"http:\/\/rebub.u-bordeaux.fr\/?p=12894"},"modified":"2021-11-26T18:52:09","modified_gmt":"2021-11-26T17:52:09","slug":"retour-sur-le-webinaire-valoriser-ses-periodiques-avec-les-cr-sudoc-ps-de-nouvelle-aquitaine","status":"publish","type":"post","link":"http:\/\/rebub.u-bordeaux.fr\/index.php\/retour-sur-le-webinaire-valoriser-ses-periodiques-avec-les-cr-sudoc-ps-de-nouvelle-aquitaine\/","title":{"rendered":"Retour sur le webinaire \u00ab\u00a0Valoriser ses p\u00e9riodiques avec les CR Sudoc-PS de Nouvelle-Aquitaine\u00a0\u00bb"},"content":{"rendered":"<p>Le 18 novembre dernier, les 3 Centres du R\u00e9seau Sudoc-PS de Nouvelle-Aquitaine ont eu le plaisir d\u2019accueillir plus de 40 participants pour le webinaire \u00ab\u00a0Valoriser ses p\u00e9riodiques avec les CR Sudoc-PS de Nouvelle-Aquitaine\u00a0\u00bb.<\/p>\n<p>Anim\u00e9e \u00e0 trois voix par <strong>Fran\u00e7oise Coulon<\/strong> (Acad\u00e9mie de Bordeaux), <strong>H\u00e9l\u00e8ne Guillemin<\/strong> (Acad\u00e9mie de Poitiers) et <strong>V\u00e9ronique Siauve<\/strong> (Acad\u00e9mie de Limoges), cette formation en ligne avait pour objectif d\u2019identifier les missions des CR de Nouvelle-Aquitaine, de conna\u00eetre leurs services et outils et de d\u00e9couvrir leurs actions et projets.<\/p>\n<p>Vous n\u2019avez pas pu y assister\u00a0ou vous voulez revoir la pr\u00e9sentation\u00a0?<\/p>\n<p>Voici la captation du webinaire :<br \/>\n<iframe loading=\"lazy\" style=\"padding: 0; margin: 0; border: 0;\" src=\"https:\/\/mediapod.u-bordeaux.fr\/video\/26518-webinaire-valoriser-ses-periodiques-avec-les-cr-sudoc-ps-de-nouvelle-aquitaine\/?is_iframe=true\" width=\"640\" height=\"360\" allowfullscreen=\"allowfullscreen\"><\/iframe><\/p>\n<p>Lien vers la captation : <a href=\"https:\/\/mediapod.u-bordeaux.fr\/video\/26518-webinaire-valoriser-ses-periodiques-avec-les-cr-sudoc-ps-de-nouvelle-aquitaine\/\" target=\"_blank\" rel=\"noopener noreferrer\">https:\/\/mediapod.u-bordeaux.fr\/video\/26518-webinaire-valoriser-ses-periodiques-avec-les-cr-sudoc-ps-de-nouvelle-aquitaine\/<\/a><\/p>\n<p>Vous trouverez \u00e9galement <a href=\"http:\/\/rebub.u-bordeaux.fr\/wp-content\/uploads\/2021\/11\/Valoriser-ses-periodiques-CR-SUDOC-PS-Nouvelle-Aquitaine-_-ABES.pdf\" target=\"_blank\" rel=\"noopener noreferrer\">ici<\/a>, le diaporama de la pr\u00e9sentation.<\/p>\n<p>Tr\u00e8s bonne s\u00e9ance de rattrapage !<\/p>\n","protected":false},"excerpt":{"rendered":"<p>Le 18 novembre dernier, les 3 Centres du R\u00e9seau Sudoc-PS de Nouvelle-Aquitaine ont eu le plaisir d\u2019accueillir plus de 40 participants pour le webinaire \u00ab\u00a0Valoriser ses p\u00e9riodiques avec les CR Sudoc-PS de Nouvelle-Aquitaine\u00a0\u00bb. Anim\u00e9e \u00e0 trois voix par Fran\u00e7oise Coulon&#8230;<\/p>\n","protected":false},"author":46,"featured_media":12895,"comment_status":"closed","ping_status":"closed","sticky":false,"template":"","format":"standard","meta":[],"categories":[52],"tags":[],"post_mailing_queue_ids":[],"_links":{"self":[{"href":"http:\/\/rebub.u-bordeaux.fr\/index.php\/wp-json\/wp\/v2\/posts\/12894"}],"collection":[{"href":"http:\/\/rebub.u-bordeaux.fr\/index.php\/wp-json\/wp\/v2\/posts"}],"about":[{"href":"http:\/\/rebub.u-bordeaux.fr\/index.php\/wp-json\/wp\/v2\/types\/post"}],"author":[{"embeddable":true,"href":"http:\/\/rebub.u-bordeaux.fr\/index.php\/wp-json\/wp\/v2\/users\/46"}],"replies":[{"embeddable":true,"href":"http:\/\/rebub.u-bordeaux.fr\/index.php\/wp-json\/wp\/v2\/comments?post=12894"}],"version-history":[{"count":6,"href":"http:\/\/rebub.u-bordeaux.fr\/index.php\/wp-json\/wp\/v2\/posts\/12894\/revisions"}],"predecessor-version":[{"id":12902,"href":"http:\/\/rebub.u-bordeaux.fr\/index.php\/wp-json\/wp\/v2\/posts\/12894\/revisions\/12902"}],"wp:featuredmedia":[{"embeddable":true,"href":"http:\/\/rebub.u-bordeaux.fr\/index.php\/wp-json\/wp\/v2\/media\/12895"}],"wp:attachment":[{"href":"http:\/\/rebub.u-bordeaux.fr\/index.php\/wp-json\/wp\/v2\/media?parent=12894"}],"wp:term":[{"taxonomy":"category","embeddable":true,"href":"http:\/\/rebub.u-bordeaux.fr\/index.php\/wp-json\/wp\/v2\/categories?post=12894"},{"taxonomy":"post_tag","embeddable":true,"href":"http:\/\/rebub.u-bordeaux.fr\/index.php\/wp-json\/wp\/v2\/tags?post=12894"}],"curies":[{"name":"wp","href":"https:\/\/api.w.org\/{rel}","templated":true}]}}