	{"id":5409,"date":"2019-02-12T10:49:08","date_gmt":"2019-02-12T09:49:08","guid":{"rendered":"http:\/\/rebub.u-bordeaux.fr\/?p=5409"},"modified":"2019-02-12T10:49:08","modified_gmt":"2019-02-12T09:49:08","slug":"2019-selon-nos-directeurs","status":"publish","type":"post","link":"http:\/\/rebub.u-bordeaux.fr\/index.php\/2019-selon-nos-directeurs\/","title":{"rendered":"2019 selon nos directeurs"},"content":{"rendered":"<p>Nous sommes all\u00e9s demander aux directeurs des biblioth\u00e8ques du r\u00e9seau bordelais de nous dire avec quel mot doit rimer l&rsquo;ann\u00e9e 2019 :<\/p>\n<p><strong>Delphine Coudrin<\/strong> (fra\u00eechement arriv\u00e9e \u00e0 la direction de la biblioth\u00e8que de Sciences Po Bordeaux en janvier) : \u00ab\u00a0Des d\u00e9couvertes !\u00a0\u00bb<\/p>\n<p><strong>Malou Hyernard<\/strong> (Directrice de la biblioth\u00e8que de Bordeaux Sciences Agro) : \u00ab\u00a0La confiance (dans nos comp\u00e9tences professionnelles, dans notre capacit\u00e9 \u00e0 \u00e9voluer et \u00e0 changer, dans notre envie de faire bien, en la force du r\u00e9seau)\u00a0\u00bb<\/p>\n<p><strong>Caroline Lafon<\/strong> (Directrice de la documentation de l&rsquo;Universit\u00e9 de Bordeaux) : \u00ab\u00a0L&rsquo;espoir (en nous-m\u00eames professionnels des biblioth\u00e8ques et de la documentation, en la r\u00e9ussite des projets communs plac\u00e9s sous le signe de la coop\u00e9ration)\u00a0\u00bb<\/p>\n<p><strong>Gregory Miura<\/strong> (Directeur du service commun de documentation de l&rsquo;Universit\u00e9 Bordeaux Montaigne) : \u00ab\u00a0L&rsquo;audace (car de nombreuses opportunit\u00e9s s&rsquo;offrent \u00e0 nous, nos missions valent la peine d&rsquo;\u00eatre port\u00e9es avec fiert\u00e9, notre travail touche \u00e0 tous les aspects de la vie de nos \u00e9tablissements, nous pouvons \u00eatre confiant compte tenu du chemin parcouru)\u00a0\u00bb<\/p>\n","protected":false},"excerpt":{"rendered":"<p>Nous sommes all\u00e9s demander aux directeurs des biblioth\u00e8ques du r\u00e9seau bordelais de nous dire avec quel mot doit rimer l&rsquo;ann\u00e9e 2019 : Delphine Coudrin (fra\u00eechement arriv\u00e9e \u00e0 la direction de la biblioth\u00e8que de Sciences Po Bordeaux en janvier) : \u00ab\u00a0Des&#8230;<\/p>\n","protected":false},"author":46,"featured_media":0,"comment_status":"closed","ping_status":"closed","sticky":false,"template":"","format":"standard","meta":[],"categories":[38],"tags":[],"post_mailing_queue_ids":[],"_links":{"self":[{"href":"http:\/\/rebub.u-bordeaux.fr\/index.php\/wp-json\/wp\/v2\/posts\/5409"}],"collection":[{"href":"http:\/\/rebub.u-bordeaux.fr\/index.php\/wp-json\/wp\/v2\/posts"}],"about":[{"href":"http:\/\/rebub.u-bordeaux.fr\/index.php\/wp-json\/wp\/v2\/types\/post"}],"author":[{"embeddable":true,"href":"http:\/\/rebub.u-bordeaux.fr\/index.php\/wp-json\/wp\/v2\/users\/46"}],"replies":[{"embeddable":true,"href":"http:\/\/rebub.u-bordeaux.fr\/index.php\/wp-json\/wp\/v2\/comments?post=5409"}],"version-history":[{"count":2,"href":"http:\/\/rebub.u-bordeaux.fr\/index.php\/wp-json\/wp\/v2\/posts\/5409\/revisions"}],"predecessor-version":[{"id":5411,"href":"http:\/\/rebub.u-bordeaux.fr\/index.php\/wp-json\/wp\/v2\/posts\/5409\/revisions\/5411"}],"wp:attachment":[{"href":"http:\/\/rebub.u-bordeaux.fr\/index.php\/wp-json\/wp\/v2\/media?parent=5409"}],"wp:term":[{"taxonomy":"category","embeddable":true,"href":"http:\/\/rebub.u-bordeaux.fr\/index.php\/wp-json\/wp\/v2\/categories?post=5409"},{"taxonomy":"post_tag","embeddable":true,"href":"http:\/\/rebub.u-bordeaux.fr\/index.php\/wp-json\/wp\/v2\/tags?post=5409"}],"curies":[{"name":"wp","href":"https:\/\/api.w.org\/{rel}","templated":true}]}}