	{"id":6349,"date":"2019-07-04T09:08:15","date_gmt":"2019-07-04T07:08:15","guid":{"rendered":"http:\/\/rebub.u-bordeaux.fr\/?p=6349"},"modified":"2019-07-04T09:08:15","modified_gmt":"2019-07-04T07:08:15","slug":"babord-num-ouvre-les-archives-du-musee-dethnographie-de-bordeaux","status":"publish","type":"post","link":"http:\/\/rebub.u-bordeaux.fr\/index.php\/babord-num-ouvre-les-archives-du-musee-dethnographie-de-bordeaux\/","title":{"rendered":"Babord-Num ouvre les archives du Mus\u00e9e d\u2019ethnographie de Bordeaux"},"content":{"rendered":"<h3 id=\"stoc-connaissez-vous-le-musee-dethnographie-de-bordeaux\" class=\"wpig-heading\">Connaissez-vous le Mus\u00e9e d\u2019ethnographie de Bordeaux\u00a0?<\/h3>\n<h4 id=\"stoc-de-la-pathologie-a-lethnographie\" class=\"wpig-heading\"><em>De la pathologie \u00e0 l\u2019ethnographie<\/em><\/h4>\n<p>Le Mus\u00e9e d\u2019ethnographie de Bordeaux (MEB) est n\u00e9 en 1894, six ans apr\u00e8s la cr\u00e9ation de la facult\u00e9 de M\u00e9decine et Pharmacie et quatre ans apr\u00e8s l\u2019ouverture de l\u2019\u00c9cole principale de Sant\u00e9 de la Marine\u00a0; c\u2019est alors le second mus\u00e9e d\u2019ethnographie exotique cr\u00e9\u00e9 en France.<\/p>\n<p>Son histoire est li\u00e9e aux deux \u00e9tablissements. Les navalais \u00e9taient en effet form\u00e9s \u00e0 la m\u00e9decine pathologique exotique au sein de la facult\u00e9 avant d\u2019aller pratiquer dans les colonies fran\u00e7aises. De leurs missions, \u00a0ils envoyaient ou rapportaient des objets, des photos, de la faune ou bien encore de la flore \u00e0 des fins p\u00e9dagogiques destin\u00e9s \u00e0 pr\u00e9parer les \u00e9tudiants et futurs coll\u00e8gues en partance pour l\u2019outre-mer.<\/p>\n<p>C\u2019est ainsi que le doyen de l\u2019universit\u00e9, Albert Pitres, sur une proposition du Professeur Alexandre Le Dantec, annonce dans un discours en 1894, la cr\u00e9ation du \u00ab\u00a0Mus\u00e9e de Pathologie exotique et d\u2019\u00c9tudes coloniales\u00a0\u00bb qui associait de l\u2019anatomie et de la pathologie, de la pharmacop\u00e9e et de l\u2019histoire naturelle \u00e0 quelques artefacts d\u2019ethnographie.<\/p>\n<p>En 1896, le docteur Laurent, m\u00e9decin navalais, est le premier \u00e0 envoyer des photos et des objets t\u00e9moignant de la culture et de la vie des peuples des colonies. Ces objets rejoindront les objets m\u00e9dicaux. De par l\u2019afflux de ce nouveau contenu, le mus\u00e9e devient le \u00ab\u00a0Mus\u00e9e ethnographique et colonial\u00a0\u00bb puis \u00ab\u00a0Mus\u00e9e d\u2019ethnographie et d\u2019\u00e9tudes coloniales\u00a0\u00bb.<\/p>\n<p>Le docteur Laurent insuffle une dynamique de don qui sera reprise par ses successeurs. Les navalais partageront les objets r\u00e9colt\u00e9s lors de leurs voyages afin de faire grandir les collections du mus\u00e9e.<\/p>\n<p>Un homme va \u00e9galement \u0153uvrer \u00e0 l\u2019\u00e9mancipation du mus\u00e9e\u00a0: Paul Louis Lemaire, secr\u00e9taire g\u00e9n\u00e9ral de la Facult\u00e9 de M\u00e9decine et Pharmacie. Sous la direction du Professeur Le Dantec, ce \u00ab\u00a0conservateur autodidacte\u00a0\u00bb va participer au d\u00e9veloppement des collections et \u00e0 leur gestion. Il va notamment mettre en place des registres de suivi des dons, r\u00e9aliser des inventaires et monter des salles d\u2019exposition. Il a \u00e9galement \u00e9t\u00e9 tr\u00e8s actif dans la concession d\u2019importantes collections jusqu\u2019alors entrepos\u00e9es au Mus\u00e9e du Trocad\u00e9ro (aujourd\u2019hui Mus\u00e9e de l\u2019Homme) et au mus\u00e9e Guimet. Les archives mises en ligne sur Babord-Num et qui font l\u2019objet de cet article, t\u00e9moignent de ce d\u00e9veloppement et de cette riche p\u00e9riode pour le mus\u00e9e.<\/p>\n<p>A la disparition de Paul Louis Lemaire en 1915, l\u2019activit\u00e9 de mus\u00e9e va ralentir. C\u2019est du moins le constat qui est fait du manque de sources archivistiques jusqu\u2019en 1923. Les deux guerres mondiales ont \u00e9galement eu un impact. Peu \u00e0 peu, les collections sont d\u00e9m\u00e9nag\u00e9es, mises en carton et les salles d\u2019exposition permanentes (qui se trouvaient dans les couloirs de l\u2019actuelle biblioth\u00e8que universitaire des sciences de l\u2019homme) sont abandonn\u00e9es.<\/p>\n<p>C\u2019est en 1977, que le professeur d\u2019anthropologie, Monsieur Meriot, d\u00e9cide de relancer l\u2019activit\u00e9 du mus\u00e9e. Il programmera notamment une dizaine d\u2019expositions temporaires dans diff\u00e9rents lieux (accueil de la facult\u00e9 Victor Segalen place de la Victoire, cours Mably,\u2026). Les collections \u00e9taient alors entrepos\u00e9es dans des salles de cours non ouvertes au public, rue Broca \u00e0 Bordeaux.<\/p>\n<p>L\u2019emplacement actuel du mus\u00e9e date de 2009 et son ouverture officielle au public a eu lieu en 2011, avec une nouvelle exposition chaque ann\u00e9e.<\/p>\n<figure id=\"attachment_6363\" aria-describedby=\"caption-attachment-6363\" style=\"width: 723px\" class=\"wp-caption aligncenter\"><img decoding=\"async\" loading=\"lazy\" class=\"wp-image-6363 size-full\" src=\"http:\/\/rebub.u-bordeaux.fr\/wp-content\/uploads\/2019\/07\/mus\u00e9e-galerie-sud-principale-1900_resultat.jpg\" alt=\"\" width=\"723\" height=\"768\" srcset=\"https:\/\/rebub.u-bordeaux.fr\/wp-content\/uploads\/2019\/07\/mus\u00e9e-galerie-sud-principale-1900_resultat.jpg 723w, https:\/\/rebub.u-bordeaux.fr\/wp-content\/uploads\/2019\/07\/mus\u00e9e-galerie-sud-principale-1900_resultat-282x300.jpg 282w\" sizes=\"(max-width: 723px) 100vw, 723px\" \/><figcaption id=\"caption-attachment-6363\" class=\"wp-caption-text\">Galerie sud principale du Mus\u00e9e d&rsquo;ethnographie de Bordeaux en 1900<\/figcaption><\/figure>\n<h4 id=\"stoc-une-importante-collection\" class=\"wpig-heading\"><em>Une importante collection<\/em><\/h4>\n<p>La collection du mus\u00e9e se compose de pr\u00e8s de 6\u00a0000 objets en provenance d\u2019Asie, d\u2019Afrique, d\u2019Arctique, d\u2019Am\u00e9rique et d\u2019Oc\u00e9anie. Ils ont pour la plupart \u00e9t\u00e9 collect\u00e9s \u00e0 la fin du XIX\u00e8me si\u00e8cle.<\/p>\n<p>Comme expliqu\u00e9 plus haut, un bon nombre de ces objets, originaires d\u2019Asie, sont issus du Mus\u00e9e du Trocad\u00e9ro et du Mus\u00e9e Guimet.<\/p>\n<p>Le Mus\u00e9e d&rsquo;ethnographie de Bordeaux poss\u00e8de \u00e9galement 12\u00a0000 photographies (dont 8000 plaques de verre) r\u00e9alis\u00e9es lors de missions ethnographiques.<\/p>\n<figure id=\"attachment_6362\" aria-describedby=\"caption-attachment-6362\" style=\"width: 503px\" class=\"wp-caption aligncenter\"><img decoding=\"async\" loading=\"lazy\" class=\"wp-image-6362 size-full\" src=\"http:\/\/rebub.u-bordeaux.fr\/wp-content\/uploads\/2019\/07\/Portrait-Emile-Guimet_resultat.jpg\" alt=\"\" width=\"503\" height=\"768\" srcset=\"https:\/\/rebub.u-bordeaux.fr\/wp-content\/uploads\/2019\/07\/Portrait-Emile-Guimet_resultat.jpg 503w, https:\/\/rebub.u-bordeaux.fr\/wp-content\/uploads\/2019\/07\/Portrait-Emile-Guimet_resultat-196x300.jpg 196w\" sizes=\"(max-width: 503px) 100vw, 503px\" \/><figcaption id=\"caption-attachment-6362\" class=\"wp-caption-text\">Portrait d&rsquo;Emile Guimet pr\u00e9sent dans les archives du Mus\u00e9e d&rsquo;ethnographie de Bordeaux<\/figcaption><\/figure>\n<p>&nbsp;<\/p>\n<h3 id=\"stoc-la-collection-babord-num-sur-le-musee-dethnographie-de-bordeaux-aux-origines-du-musee\" class=\"wpig-heading\">La collection Babord-Num sur le Mus\u00e9e d&rsquo;ethnographie de Bordeaux : aux origines du mus\u00e9e<\/h3>\n<p>Babord-Num a ouvert son espace, non pas \u00e0 des objets issus des collections du Mus\u00e9e d&rsquo;ethnographie de Bordeaux, mais aux sources historiques du mus\u00e9e.<\/p>\n<p>Une collection est d\u00e9di\u00e9e au mus\u00e9e dans la biblioth\u00e8que num\u00e9rique patrimoniale et regroupe les fonds de manuscrits et archives concernant la cr\u00e9ation du mus\u00e9e\u00a0: <a href=\"http:\/\/www.babordnum.fr\/collections\/show\/9\">http:\/\/www.babordnum.fr\/collections\/show\/9<\/a><\/p>\n<p>Les documents disponibles ont \u00e9t\u00e9 num\u00e9ris\u00e9s par le MEB lui-m\u00eame.<\/p>\n<p>Parmi ces documents, on trouve des listes de donateurs, des correspondances (plusieurs courriers de Paul Lemaire, secr\u00e9taire g\u00e9n\u00e9ral de la Facult\u00e9 de m\u00e9decine et premier conservateur du mus\u00e9e), des coupures de presse, des listes d\u2019achats n\u00e9cessaires \u00e0 l\u2019ouverture du mus\u00e9e, les notes de d\u00e9p\u00f4t des concessions du Mus\u00e9e du Trocad\u00e9ro et du Mus\u00e9e Guimet.<\/p>\n<p>&nbsp;<\/p>\n<h3 id=\"stoc-le-meb-vu-par-le-meb\" class=\"wpig-heading\">Le MEB\u00a0 vu par le MEB<\/h3>\n<p><em>Ga\u00eblle Cartault g\u00e8re la partie administrative du mus\u00e9e ainsi que la documentation et les archives. Elle a notamment beaucoup travaill\u00e9 sur ces derni\u00e8res qu\u2019elle a d\u00e9pouill\u00e9es et inventori\u00e9es, \u00a0et a ainsi pu retracer en partie l\u2019histoire du mus\u00e9e. Elle a bien voulu r\u00e9pondre \u00e0 nos questions.<\/em><\/p>\n<p><em>\u00a0<\/em><strong>Sept ans apr\u00e8s sa r\u00e9ouverture, est-ce que les riches collections\u00a0 de ce mus\u00e9e ont trouv\u00e9 leur public\u00a0?<\/strong><\/p>\n<p>Les gens sont aujourd\u2019hui assez curieux vis-\u00e0-vis des collections extra-europ\u00e9ennes, mises \u00e0 l\u2019honneur avec\u00a0 le mus\u00e9e du Quai Branly. Jusqu\u2019\u00e0 notre ouverture au public en 2011, ces collections n\u2019\u00e9taient connues que des\u00a0 anciens \u00e9tudiants qui fr\u00e9quentaient la fac de la Victoire jusque dans les ann\u00e9es 1990. Et puis doucement mais s\u00fbrement, tant par le bouche-\u00e0-oreille que la participation du MEB aux grandes manifestations culturelles nationales (Journ\u00e9es du patrimoine, Nuit des Mus\u00e9es, etc), nous avons r\u00e9ussi au fil des ans \u00e0 fid\u00e9liser un public sur des expositions tr\u00e8s diverses, scientifiques et\/ou patrimoniales. Nous faisons aussi beaucoup pour l\u2019accueil des scolaires de tous \u00e2ges\u00a0: ce sont nos futurs visiteurs adultes\u00a0!<\/p>\n<p><strong>Que repr\u00e9sente la mise en ligne de ces archives pour le mus\u00e9e\u00a0?<\/strong><\/p>\n<p>Le travail fait sur les archives (inventaire, num\u00e9risation, conservation) \u00e9tait en premier lieu destin\u00e9 \u00e0 une utilisation en interne, pour renseigner tant les collections que l\u2019histoire du mus\u00e9e. Nous devions \u00e9galement les d\u00e9poser sur notre site UB pour offrir \u00e0 nos visiteurs un peu plus d\u2019informations sur le mus\u00e9e qu\u2019ils allaient ou avaient d\u00e9j\u00e0 visit\u00e9, mais cela n\u2019a pas \u00e9t\u00e9 possible pour des raisons techniques.<\/p>\n<p>Avec la mise en ligne sur Babord-Num, nous acc\u00e9dons \u00e0\u00a0 une visibilit\u00e9 beaucoup plus large tant d\u2019un point de vue des particuliers que de celui des scientifiques. Cela pourrait aussi nous mettre en lien avec des chercheurs sur des collections ou des collecteurs similaires et nous ouvrir d\u2019autres perspectives sur l\u2019histoire m\u00eame de notre institution.<\/p>\n<p><strong>O\u00f9 et comment sont conserv\u00e9es ces documents\u00a0?<\/strong><\/p>\n<p>Tous les documents sont actuellement gard\u00e9s au mus\u00e9e, selon les normes de conservation pr\u00e9ventive (boites en polypropyl\u00e8ne, chemises en polyester). Ils ont \u00e9t\u00e9 num\u00e9ris\u00e9s \u00a0afin de ne plus avoir \u00e0 les manipuler physiquement car\u00a0 beaucoup sont assez fragiles, et \u00e0 terme sont destin\u00e9s \u00e0 rejoindre les Archives D\u00e9partementales. Quand on sait qu\u2019ils ont \u00e9t\u00e9 retrouv\u00e9s de fa\u00e7on assez hasardeuse dans les combles de la facult\u00e9 et qu\u2019ils auraient tr\u00e8s bien pu partir \u00e0 la poubelle directement, je me dis qu\u2019ils m\u00e9ritent vraiment leur statut d\u2019archives historiques et donc un soin tout particulier.<\/p>\n<p><strong>Parmi les documents mis en ligne, est-ce que certains m\u00e9ritent une attention particuli\u00e8re ou ont un caract\u00e8re pr\u00e9cieux pour l\u2019histoire du MEB\u00a0?<\/strong><\/p>\n<p>Bien s\u00fbr puisqu\u2019ils nous renseignent aussi sur une histoire pas toujours officielle. Car outre des articles dans des journaux de m\u00e9decine de l\u2019\u00e9poque et de la correspondance officielle entre la facult\u00e9 et certains minist\u00e8res par exemple, on trouve \u00e9galement des courriers plus\u00a0priv\u00e9s\u00a0entre Paul Louis Lemaire et quelques navalais devenus amis au fil des ann\u00e9es et de l\u2019int\u00e9r\u00eat commun port\u00e9 au mus\u00e9e\u00a0: ce sont des personnalit\u00e9s et acteurs \u00a0qui \u00e9mergent , et non plus une histoire sans affect d\u2019une institution parmi d\u2019autres.<\/p>\n<p>Ils nous renseignent aussi sur une histoire pour laquelle il n\u2019y a plus aucun t\u00e9moin ou m\u00e9moire vivante malheureusement.<\/p>\n<p>Certains documents nous permettent enfin de se faire une id\u00e9e de la fa\u00e7on dont on envisageait tant la documentation\u00a0 que la conservation d\u2019objets venant \u00ab\u00a0d\u2019ailleurs\u00a0\u00bb, et finalement sur l\u2019\u00e9mergence de l\u2019ethnographie en France, loin de l\u2019engouement actuel.<\/p>\n<p><strong>Depuis la mise en ligne des archives, avez-vous \u00e9t\u00e9 sollicit\u00e9s pour la consultation de ces documents\u00a0?<\/strong><\/p>\n<p>Quelques \u00e9tudiants sont venus pour des recherches concernant un type d\u2019objet ou de collection, certains sur un collecteur pr\u00e9sent dans nos collections, mais dans tous les cas, ils ne sont pas encore assez nombreux \u00e0 mon go\u00fbt\u00a0!<\/p>\n<div id=\"metaslider-id-6356\" style=\"max-width: 500px; margin: 0 auto;\" class=\"ml-slider-3-108-0 metaslider metaslider-nivo metaslider-6356 ml-slider has-dots-nav ms-theme-default\" role=\"region\" aria-label=\"MEB : mus\u00e9ographie\" data-height=\"520\" data-width=\"500\">\n    <div id=\"metaslider_container_6356\">\n        <div class='slider-wrapper theme-default'><div class='ribbon'><\/div><div id='metaslider_6356' class='nivoSlider'><img width=\"2250\" height=\"1962\" src=\"https:\/\/rebub.u-bordeaux.fr\/wp-content\/uploads\/2019\/07\/galerie-principale-auricureurs-annamites.jpg\" class=\"slider-6356 slide-6359 msDefaultImage\" alt=\"\" decoding=\"async\" loading=\"lazy\" data-caption=\"Mus&eacute;ographie d&#039;&eacute;poque reconstituant une sc&egrave;ne de vie : les auricureurs annamites\" data-thumb=\"\" title=\"galerie principale auricureurs annamites\" rel=\"\" srcset=\"https:\/\/rebub.u-bordeaux.fr\/wp-content\/uploads\/2019\/07\/galerie-principale-auricureurs-annamites.jpg 2250w, https:\/\/rebub.u-bordeaux.fr\/wp-content\/uploads\/2019\/07\/galerie-principale-auricureurs-annamites-300x262.jpg 300w, https:\/\/rebub.u-bordeaux.fr\/wp-content\/uploads\/2019\/07\/galerie-principale-auricureurs-annamites-768x670.jpg 768w, https:\/\/rebub.u-bordeaux.fr\/wp-content\/uploads\/2019\/07\/galerie-principale-auricureurs-annamites-1024x893.jpg 1024w\" sizes=\"(max-width: 2250px) 100vw, 2250px\" \/><img width=\"1822\" height=\"1436\" src=\"https:\/\/rebub.u-bordeaux.fr\/wp-content\/uploads\/2019\/07\/la_fumerie_dopium-000.jpg\" class=\"slider-6356 slide-6360 msDefaultImage\" alt=\"\" decoding=\"async\" loading=\"lazy\" data-caption=\"Mus&eacute;ographie d&#039;&eacute;poque reconstituant une sc&egrave;ne de vie : la fumerie d&#039;opium\" data-thumb=\"\" title=\"la_fumerie_dopium-000\" rel=\"\" srcset=\"https:\/\/rebub.u-bordeaux.fr\/wp-content\/uploads\/2019\/07\/la_fumerie_dopium-000.jpg 1822w, https:\/\/rebub.u-bordeaux.fr\/wp-content\/uploads\/2019\/07\/la_fumerie_dopium-000-300x236.jpg 300w, https:\/\/rebub.u-bordeaux.fr\/wp-content\/uploads\/2019\/07\/la_fumerie_dopium-000-768x605.jpg 768w, https:\/\/rebub.u-bordeaux.fr\/wp-content\/uploads\/2019\/07\/la_fumerie_dopium-000-1024x807.jpg 1024w, https:\/\/rebub.u-bordeaux.fr\/wp-content\/uploads\/2019\/07\/la_fumerie_dopium-000-280x220.jpg 280w\" sizes=\"(max-width: 1822px) 100vw, 1822px\" \/><\/div><\/div>\n        \n    <\/div>\n<\/div>\n<h3 id=\"stoc-pour-aller-plus-loin\" class=\"wpig-heading\">Pour aller plus loin<\/h3>\n<p>Nous vous invitons \u00e0 pousser les portes du mus\u00e9e, \u00e0 deux pas de nos biblioth\u00e8ques et au c\u0153ur de notre campus, pour d\u00e9couvrir toutes ces richesses.<\/p>\n<p>Le MEB dispose \u00e9galement d\u2019un site internet\u00a0: <a href=\"https:\/\/meb.u-bordeaux.fr\/\">https:\/\/meb.u-bordeaux.fr\/<\/a><\/p>\n<p>Vous pouvez \u00e9galement d\u00e9couvrir ses collections sur son catalogue en ligne\u00a0: <a href=\"https:\/\/webmuseo.com\/ws\/meb\/app\/report\/index.html\">https:\/\/webmuseo.com\/ws\/meb\/app\/report\/index.html<\/a><\/p>\n<p>&nbsp;<\/p>\n<p>&nbsp;<\/p>\n<p>Merci \u00e0 Ga\u00eblle Cartault pour sa contribution \u00e0 l&rsquo;article.<\/p>\n<hr \/>\n<p>Cr\u00e9dits photos : Mus\u00e9e d&rsquo;ethnographie de Bordeaux<\/p>\n","protected":false},"excerpt":{"rendered":"<p>Table des mati\u00e8res[ Show ]Connaissez-vous le Mus\u00e9e d\u2019ethnographie de Bordeaux\u00a0?De la pathologie \u00e0 l\u2019ethnographieUne importante collectionLa collection Babord-Num sur le Mus\u00e9e d&rsquo;ethnographie de Bordeaux : aux origines du mus\u00e9eLe MEB\u00a0 vu par le MEBPour aller plus loinConnaissez-vous le Mus\u00e9e d\u2019ethnographie&#8230;<\/p>\n","protected":false},"author":46,"featured_media":6361,"comment_status":"closed","ping_status":"closed","sticky":false,"template":"","format":"standard","meta":[],"categories":[47],"tags":[],"post_mailing_queue_ids":[],"_links":{"self":[{"href":"http:\/\/rebub.u-bordeaux.fr\/index.php\/wp-json\/wp\/v2\/posts\/6349"}],"collection":[{"href":"http:\/\/rebub.u-bordeaux.fr\/index.php\/wp-json\/wp\/v2\/posts"}],"about":[{"href":"http:\/\/rebub.u-bordeaux.fr\/index.php\/wp-json\/wp\/v2\/types\/post"}],"author":[{"embeddable":true,"href":"http:\/\/rebub.u-bordeaux.fr\/index.php\/wp-json\/wp\/v2\/users\/46"}],"replies":[{"embeddable":true,"href":"http:\/\/rebub.u-bordeaux.fr\/index.php\/wp-json\/wp\/v2\/comments?post=6349"}],"version-history":[{"count":12,"href":"http:\/\/rebub.u-bordeaux.fr\/index.php\/wp-json\/wp\/v2\/posts\/6349\/revisions"}],"predecessor-version":[{"id":6369,"href":"http:\/\/rebub.u-bordeaux.fr\/index.php\/wp-json\/wp\/v2\/posts\/6349\/revisions\/6369"}],"wp:featuredmedia":[{"embeddable":true,"href":"http:\/\/rebub.u-bordeaux.fr\/index.php\/wp-json\/wp\/v2\/media\/6361"}],"wp:attachment":[{"href":"http:\/\/rebub.u-bordeaux.fr\/index.php\/wp-json\/wp\/v2\/media?parent=6349"}],"wp:term":[{"taxonomy":"category","embeddable":true,"href":"http:\/\/rebub.u-bordeaux.fr\/index.php\/wp-json\/wp\/v2\/categories?post=6349"},{"taxonomy":"post_tag","embeddable":true,"href":"http:\/\/rebub.u-bordeaux.fr\/index.php\/wp-json\/wp\/v2\/tags?post=6349"}],"curies":[{"name":"wp","href":"https:\/\/api.w.org\/{rel}","templated":true}]}}