	{"id":1370,"date":"2017-07-06T15:00:28","date_gmt":"2017-07-06T13:00:28","guid":{"rendered":"http:\/\/rebub.u-bordeaux.fr\/?p=1370"},"modified":"2018-01-17T12:08:07","modified_gmt":"2018-01-17T11:08:07","slug":"la-journee-des-responsables-de-centres-regionaux-sudoc-ps-isabelle-montantou-et-francoise-labrosse-etaient-presentes","status":"publish","type":"post","link":"https:\/\/rebub.u-bordeaux.fr\/index.php\/la-journee-des-responsables-de-centres-regionaux-sudoc-ps-isabelle-montantou-et-francoise-labrosse-etaient-presentes\/","title":{"rendered":"La Journ\u00e9e des Responsables de Centres R\u00e9gionaux Sudoc-PS : Isabelle Montantou et Fran\u00e7oise Labrosse \u00e9taient pr\u00e9sentes"},"content":{"rendered":"<p>A la suite des journ\u00e9es Abes, s\u2019est d\u00e9roul\u00e9e la Journ\u00e9e des Responsables de Centres R\u00e9gionaux Sudoc-PS le vendredi 12 mai.<\/p>\n<p><strong>David Aymonin<\/strong> (directeur de l\u2019Abes) et <strong>Jean-Louis Barragioli<\/strong> (directeur du CTLes) ont introduit l\u2019\u00e9v\u00e9nement en confirmant, pour le premier, le soutien du Minist\u00e8re pour la p\u00e9riode des 3 ans \u00e0 venir aux \u00e9tablissements h\u00e9bergeant les CR, et en t\u00e9moignant, pour le second, de la volont\u00e9 de renforcer les liens entre le CTLes et les correspondants CR.<\/p>\n<h3 id=\"stoc-conventionnement-sur-objectifs-et-projets-2018-2020-du-sudoc-ps\" class=\"wpig-heading\">Conventionnement sur objectifs et Projets 2018-2020 du Sudoc-PS<\/h3>\n<p><strong>Fran\u00e7oise Berthomier<\/strong> et <strong>La\u00ebtitia Bothorel<\/strong>, les deux intervenantes sur le sujet, ont commenc\u00e9 par faire une synth\u00e8se des activit\u00e9s des CR en 2016\u00a0:<\/p>\n<p><img decoding=\"async\" loading=\"lazy\" class=\"aligncenter wp-image-1397\" src=\"http:\/\/rebub.u-bordeaux.fr\/wp-content\/uploads\/2017\/07\/Infographie-activit\u00e9s-CR-2016_v3-186x300.png\" alt=\"\" width=\"400\" height=\"644\" srcset=\"https:\/\/rebub.u-bordeaux.fr\/wp-content\/uploads\/2017\/07\/Infographie-activit\u00e9s-CR-2016_v3-186x300.png 186w, https:\/\/rebub.u-bordeaux.fr\/wp-content\/uploads\/2017\/07\/Infographie-activit\u00e9s-CR-2016_v3-636x1024.png 636w, https:\/\/rebub.u-bordeaux.fr\/wp-content\/uploads\/2017\/07\/Infographie-activit\u00e9s-CR-2016_v3.png 735w\" sizes=\"(max-width: 400px) 100vw, 400px\" \/><\/p>\n<p>&nbsp;<\/p>\n<p>Elles ont ensuite \u00e9voqu\u00e9 le conventionnement 2018-2020. Chaque CR doit proposer un document r\u00e9dig\u00e9 d\u2019ici le 15 juin distinguant :<\/p>\n<ul>\n<li>Ce qui rel\u00e8ve de l\u2019activit\u00e9 courante du CR<\/li>\n<li>Ce qui rel\u00e8ve de projets triennaux<\/li>\n<li>Ce qui rel\u00e8ve d\u2019objectifs ponctuels<\/li>\n<\/ul>\n<p>Chaque projet doit\u00a0:<\/p>\n<ul>\n<li>faire partie d\u2019une mission du CR<\/li>\n<li>fixer des objectifs pr\u00e9cis<\/li>\n<li>associer des projets, sous-projets, actions dans un calendrier de 3 ans<\/li>\n<li>estimer les moyens n\u00e9cessaires (humains et mat\u00e9riels)<\/li>\n<li>fournir des indicateurs<\/li>\n<\/ul>\n<p>&nbsp;<\/p>\n<p><em>Support de pr\u00e9sentation de Fran\u00e7oise Berthomier et La\u00ebtitia Bothorel\u00a0:<\/em> <a href=\"http:\/\/www.abes.fr\/Media\/Fichiers\/JCR\/JCR17-H20\" target=\"_blank\" rel=\"noopener\">http:\/\/www.abes.fr\/Media\/Fichiers\/JCR\/JCR17-H20<\/a><\/p>\n<p>&nbsp;<\/p>\n<h3 id=\"stoc-actualite-du-cieps-et-du-reseau-issn\" class=\"wpig-heading\">Actualit\u00e9 du CIEPS et du r\u00e9seau ISSN<\/h3>\n<p>Les deux intervenantes pr\u00e9c\u00e9dentes ont c\u00e9d\u00e9 leur place \u00e0 <strong>Cl\u00e9ment Oury<\/strong>, chef du service donn\u00e9es r\u00e9seau et normes du Centre ISSN International, venu pr\u00e9senter les activit\u00e9s et projets du et du r\u00e9seau ISSN.<u> <\/u><\/p>\n<p>&nbsp;<\/p>\n<h5 id=\"stoc-etat-des-lieux\" class=\"wpig-heading\"><u>ETAT DES LIEUX :<\/u><\/h5>\n<p>89 centres nationaux<\/p>\n<p>2 millions de notices dans le registre<\/p>\n<p>58\u00a0000 nouvelles attributions dont 40% de ressources \u00e9lectroniques.<\/p>\n<p>Hong-Kong, Taiwan et l\u2019Afrique du Sud sont, apr\u00e8s les organisations internationales, les plus gros contributeurs.<\/p>\n<p>&nbsp;<\/p>\n<h5 id=\"stoc-les-projets\" class=\"wpig-heading\"><u>Les projets\u00a0:<\/u><\/h5>\n<ul>\n<li>r\u00e9vision de la norme ISSN<\/li>\n<li>les projets de d\u00e9veloppement informatique (pr\u00e9vus pour septembre 2017) :\n<ul>\n<li>un extranet client\u00a0: pour am\u00e9liorer le workflow des demandes de num\u00e9rotation et faciliter les \u00e9changes avec les \u00e9diteurs demandeurs d\u2019ISSN<\/li>\n<li>un nouveau portail ISSN qui remplacera ISSN Portal. Il comprendra un acc\u00e8s gratuit (acc\u00e8s aux m\u00e9tadonn\u00e9es \u00ab\u00a0essentielles\u00a0\u00bb) et un acc\u00e8s par abonnement (l\u2019ensemble des informations du registre et des services suppl\u00e9mentaires). Les 18\u00a0000 notices en Open Access du portail ROAD seront rapatri\u00e9es sur ce nouveau portail.<\/li>\n<\/ul>\n<\/li>\n<\/ul>\n<p>&nbsp;<\/p>\n<p>La demande d\u2019un document de synth\u00e8se des diff\u00e9rences de traitement des demandes ISSN selon les centres nationaux a \u00e9t\u00e9 renouvel\u00e9e.<\/p>\n<p>&nbsp;<\/p>\n<p><em>Support de pr\u00e9sentation de Cl\u00e9ment Oury :<\/em> <a href=\"http:\/\/www.abes.fr\/Media\/Fichiers\/JCR\/JCR17-Cieps\" target=\"_blank\" rel=\"noopener\">http:\/\/www.abes.fr\/Media\/Fichiers\/JCR\/JCR17-Cieps<\/a><\/p>\n<p>&nbsp;<\/p>\n<h3 id=\"stoc-focus-issn-france-et-cidemis\" class=\"wpig-heading\"><strong>Focus ISSN France et CIDEMIS<\/strong><\/h3>\n<p><strong>Philippe Canti\u00e9<\/strong>, d\u2019ISSN FR, et <strong>Pierre Funk<\/strong>, de l\u2019Abes, ont succ\u00e9d\u00e9 \u00e0 Cl\u00e9ment Oury pour faire un focus plus pr\u00e9cis sur l\u2019activit\u00e9 autour de l\u2019ISSN en France.<\/p>\n<p>&nbsp;<\/p>\n<h5 id=\"stoc-bilan-cidemis\" class=\"wpig-heading\"><u>Bilan CIDEMIS<\/u><\/h5>\n<p>Les demandes sont en hausse et le papier reste majoritaire (88,9%).<\/p>\n<p>Parmi les projets d\u2019\u00e9volutions, il est pr\u00e9vu d\u2019ouvrir les donn\u00e9es CIDEMIS dans Webstats.<\/p>\n<p>&nbsp;<\/p>\n<h5 id=\"stoc-changements-et-evolutions-pour-les-issn\" class=\"wpig-heading\"><u>Changements et \u00e9volutions pour les ISSN<\/u><\/h5>\n<ul>\n<li>la num\u00e9rotation ISSN pour les collections de livres num\u00e9riques sera effectu\u00e9e par une cellule des collections du d\u00e9p\u00f4t l\u00e9gal<\/li>\n<li>les notices BNF sans exemplaire seront d\u00e9sormais visibles dans le catalogue g\u00e9n\u00e9ral de la BNF<\/li>\n<li>pour les notices BNF sans ISSN\u00a0: une zone va \u00eatre mise \u00e0 disposition pour pr\u00e9ciser les raisons de la non-attribution (ex. hors-champ d\u2019ISSN France)<\/li>\n<li>Le site <a href=\"http:\/\/presselocaleancienne.bnf.fr\/accueil\" target=\"_blank\" rel=\"noopener\">Presse locale ancienne<\/a> (voir plus loin le paragraphe d\u00e9di\u00e9 \u00e0 ce support) pourra faire directement l\u2019attribution d\u2019un ISSN pour les reproductions num\u00e9riques de presse locale ancienne (si la version papier poss\u00e8de un ISSN)<\/li>\n<\/ul>\n<p>&nbsp;<\/p>\n<p><em>Support de pr\u00e9sentation de Philippe Canti\u00e9 et Pierre Funk\u00a0:<\/em> <a href=\"http:\/\/www.abes.fr\/Media\/Fichiers\/JCR\/JCR17-CIDEMIS\" target=\"_blank\" rel=\"noopener\">http:\/\/www.abes.fr\/Media\/Fichiers\/JCR\/JCR17-CIDEMIS<\/a><\/p>\n<p>&nbsp;<\/p>\n<h3 id=\"stoc-mission-signalement-total\" class=\"wpig-heading\"><strong>Mission Signalement Total<\/strong><\/h3>\n<p><strong>Benjamin Bober<\/strong>, de l\u2019Abes, est venu faire un premier bilan d\u2019\u00e9tape sur le signalement total. L\u2019objectif de ce dernier est de capitaliser toutes les m\u00e9tadonn\u00e9es des biblioth\u00e8ques de l\u2019enseignement sup\u00e9rieur et du r\u00e9seau Sudoc-PS pour alimenter le Sudoc.<\/p>\n<p>Pour cela, trois axes d\u2019\u00e9tudes\u00a0:<\/p>\n<ul>\n<li>L\u2019int\u00e9gration de nouveaux corpus de m\u00e9tadonn\u00e9es<\/li>\n<li>La qualit\u00e9 des m\u00e9tadonn\u00e9es int\u00e9gr\u00e9es au Sudoc<\/li>\n<li>La mise \u00e0 disposition des m\u00e9tadonn\u00e9es offertes par le Sudoc<\/li>\n<\/ul>\n<p>Du c\u00f4t\u00e9 des ouvrages (imprim\u00e9s et \u00e9lectronique), le point d\u2019entr\u00e9e principal est l\u2019\u00e9diteur.<\/p>\n<p>Pour ce qui est des p\u00e9riodiques, le corpus qui fait r\u00e9f\u00e9rence est le registre du Centre ISSN International. BACON constitue un compl\u00e9ment essentiel (530 bouquets dont 251 pour les p\u00e9riodiques).<\/p>\n<p>Parmi les chantiers actuels, il y a notamment\u00a0:<\/p>\n<ul>\n<li>le projet de lier BACON au Sudoc (ajout des PPN dans BACON)<\/li>\n<li>travailler sur les corpus en open access<\/li>\n<\/ul>\n<p>&nbsp;<\/p>\n<p><em>Support de pr\u00e9sentation de Benjamin Bober\u00a0:<\/em> <a href=\"http:\/\/www.abes.fr\/Media\/Fichiers\/JCR\/JCR17-BBR\" target=\"_blank\" rel=\"noopener\">http:\/\/www.abes.fr\/Media\/Fichiers\/JCR\/JCR17-BBR<\/a><\/p>\n<p>&nbsp;<\/p>\n<h3 id=\"stoc-le-plan-de-conservation-partagee-des-periodiques-les-plans-thematiques-collex\" class=\"wpig-heading\"><strong>Le plan de conservation partag\u00e9e des p\u00e9riodiques\u00a0: les plans th\u00e9matiques CollEX<\/strong><\/h3>\n<p>Cet \u00e9tat des lieux des plans th\u00e9matiques CollEX est pr\u00e9sent\u00e9 par <strong>Emmanuelle Massari<\/strong> et <strong>Estelle Flahou<\/strong> du CTLes.<\/p>\n<p>Elles ont commenc\u00e9 par dresser le cadre historique de la conservation partag\u00e9e\u00a0au CTLes :<\/p>\n<p><img decoding=\"async\" loading=\"lazy\" class=\"aligncenter wp-image-1384\" src=\"http:\/\/rebub.u-bordeaux.fr\/wp-content\/uploads\/2017\/07\/Infographie-conservation-partag\u00e9e-au-CTLes_v4-258x300.png\" alt=\"\" width=\"450\" height=\"524\" srcset=\"https:\/\/rebub.u-bordeaux.fr\/wp-content\/uploads\/2017\/07\/Infographie-conservation-partag\u00e9e-au-CTLes_v4-258x300.png 258w, https:\/\/rebub.u-bordeaux.fr\/wp-content\/uploads\/2017\/07\/Infographie-conservation-partag\u00e9e-au-CTLes_v4-768x894.png 768w, https:\/\/rebub.u-bordeaux.fr\/wp-content\/uploads\/2017\/07\/Infographie-conservation-partag\u00e9e-au-CTLes_v4-880x1024.png 880w, https:\/\/rebub.u-bordeaux.fr\/wp-content\/uploads\/2017\/07\/Infographie-conservation-partag\u00e9e-au-CTLes_v4.png 891w\" sizes=\"(max-width: 450px) 100vw, 450px\" \/><\/p>\n<p>&nbsp;<\/p>\n<p>Elles ont ensuite rappel\u00e9 les \u00e9tapes de cr\u00e9ation d\u2019un PCP et pr\u00e9sent\u00e9 les diff\u00e9rents plans th\u00e9matiques en d\u00e9taillant davantage le PCP M\u00e9decine et Odontologie, le plus ancien, cons\u00e9quent et dynamique qui a servi de laboratoire m\u00e9thodologique pour les plans suivants et qui s\u2019\u00e9largira prochainement aux Sciences de la Sant\u00e9 et pourra s\u2019ouvrir aux CHU et autres \u00e9tablissements de sant\u00e9 (m\u00eame non d\u00e9ploy\u00e9s) qui souhaitent y participer<em>.<\/em><\/p>\n<p>Les corpus sont d\u00e9finis par les \u00e9tablissements porteurs et doivent \u00eatre valid\u00e9s par les enseignants chercheurs.<\/p>\n<p>Le CTLes assure le r\u00f4le de support logistique (base de gestion PMB et plateforme Flora).<\/p>\n<p>Emmanuelle Massari et Estelle Flahou ont conclu leur intervention par les b\u00e9n\u00e9fices tir\u00e9s des plans de conservation des p\u00e9riodiques\u00a0: valorisation des fonds, acc\u00e8s p\u00e9renne aux collections pour la communaut\u00e9 scientifique, collections compl\u00e8tes identifi\u00e9es \u00e0 la disposition du public, constitution de r\u00e9seaux de travail th\u00e9matiques, \u00e9change de pratique et harmonisation de proc\u00e9dures. Et elles ont soulign\u00e9 le r\u00f4le de relais des correspondants Sudoc-PS en tant que garants d\u2019un signalement de qualit\u00e9 et unifi\u00e9.<\/p>\n<p>&nbsp;<\/p>\n<p>Support de pr\u00e9sentation d&rsquo;Emmanuelle Massari et Estelle Flahou : <a href=\"http:\/\/www.abes.fr\/Media\/Fichiers\/JCR\/JCR17-CTLES\" target=\"_blank\" rel=\"noopener\">http:\/\/www.abes.fr\/Media\/Fichiers\/JCR\/JCR17-CTLES<\/a><\/p>\n<p><a href=\"http:\/\/rebub.u-bordeaux.fr\/wp-content\/uploads\/2017\/07\/Plaquette-Plans-de-Conservation-Partag\u00e9e-de-P\u00e9riodiques-du-CTLes.pdf\" target=\"_blank\" rel=\"noopener\">Plaquette Plans de Conservation Partag\u00e9e de P\u00e9riodiques du CTLes<\/a><\/p>\n<p>&nbsp;<\/p>\n<h3 id=\"stoc-le-site-presse-locale-ancienne-un-outil-de-valorisation-des-collections-et-danimation-de-reseau\" class=\"wpig-heading\"><strong>Le site Presse locale ancienne\u00a0: un outil de valorisation des collections et d\u2019animation de r\u00e9seau<\/strong><\/h3>\n<p>Cette journ\u00e9e des responsables des Centres R\u00e9gionaux du Sudoc-PS s\u2019est termin\u00e9e par l\u2019intervention de <strong>Nathalie Fabry<\/strong> de la BNF au sujet du site Presse locale ancienne.<\/p>\n<p>Ce site internet mis en ligne en 2016 \u00e0 partir de la Bibliographie de la Presse fran\u00e7aise politique et d\u2019information g\u00e9n\u00e9rale (BIPFPIG) a pour objectif de recenser les p\u00e9riodiques et journaux quotidiens, hebdomadaires ou mensuels de la Presse d\u2019information g\u00e9n\u00e9rale et d\u2019int\u00e9r\u00eat local. Aliment\u00e9 par le catalogue de la BNF et le Sudoc, les informations sont pr\u00e9sent\u00e9es par d\u00e9partement (75 sont actuellement trait\u00e9s dont les 5 d\u00e9partements d\u2019Outremer).<\/p>\n<p>Les chiffres concernant le site au mois de mai 2017 sont les suivants\u00a0:<\/p>\n<ul>\n<li>10% de journaux num\u00e9ris\u00e9s dont 63% ne sont pas sur Gallica<\/li>\n<li>2584 images de manchettes de journaux<\/li>\n<li>79 sites internet participent \u00e0 l\u2019illustration<\/li>\n<li>400 visiteurs par jour en moyenne<\/li>\n<\/ul>\n<p>L\u2019ISSN est le pivot entre les bases BNF et SUDOC. Les demandes ISSN pourraient \u00eatre g\u00e9r\u00e9es dans CIDEMIS ou directement avec le site <a href=\"http:\/\/presselocaleancienne.bnf.fr\/accueil\" target=\"_blank\" rel=\"noopener\">Presse locale ancienne<\/a>\u00a0 pour les reproductions num\u00e9riques dont la version papier poss\u00e8de un ISSN.<\/p>\n<p>Enfin Nathalie Fabry a fait savoir que les Centre R\u00e9gionaux du Sudoc-PS peuvent \u00e9galement contribuer \u00e0 l\u2019am\u00e9lioration de ces donn\u00e9es en exemplarisant les titres BIPFPIG absents du Sudoc , en faisant des demandes de correction d\u2019ISSN, en fusionnant les doublons ou en signalant des num\u00e9risations.<\/p>\n<p>&nbsp;<\/p>\n<p>Support de pr\u00e9sentation de Nathalie Fabry\u00a0: <a href=\"http:\/\/www.abes.fr\/Media\/Fichiers\/JCR\/JCR17-FABRY\" target=\"_blank\" rel=\"noopener\">http:\/\/www.abes.fr\/Media\/Fichiers\/JCR\/JCR17-FABRY<\/a><\/p>\n<p>&nbsp;<\/p>\n<p>&nbsp;<\/p>\n","protected":false},"excerpt":{"rendered":"<p>Table des mati\u00e8res[ Show ]Conventionnement sur objectifs et Projets 2018-2020 du Sudoc-PSActualit\u00e9 du CIEPS et du r\u00e9seau ISSNETAT DES LIEUX :Les projets\u00a0:Focus ISSN France et CIDEMISBilan CIDEMISChangements et \u00e9volutions pour les ISSNMission Signalement TotalLe plan de conservation partag\u00e9e des p\u00e9riodiques\u00a0:&#8230;<\/p>\n","protected":false},"author":46,"featured_media":2757,"comment_status":"closed","ping_status":"closed","sticky":false,"template":"","format":"standard","meta":[],"categories":[54],"tags":[],"post_mailing_queue_ids":[],"_links":{"self":[{"href":"https:\/\/rebub.u-bordeaux.fr\/index.php\/wp-json\/wp\/v2\/posts\/1370"}],"collection":[{"href":"https:\/\/rebub.u-bordeaux.fr\/index.php\/wp-json\/wp\/v2\/posts"}],"about":[{"href":"https:\/\/rebub.u-bordeaux.fr\/index.php\/wp-json\/wp\/v2\/types\/post"}],"author":[{"embeddable":true,"href":"https:\/\/rebub.u-bordeaux.fr\/index.php\/wp-json\/wp\/v2\/users\/46"}],"replies":[{"embeddable":true,"href":"https:\/\/rebub.u-bordeaux.fr\/index.php\/wp-json\/wp\/v2\/comments?post=1370"}],"version-history":[{"count":26,"href":"https:\/\/rebub.u-bordeaux.fr\/index.php\/wp-json\/wp\/v2\/posts\/1370\/revisions"}],"predecessor-version":[{"id":1400,"href":"https:\/\/rebub.u-bordeaux.fr\/index.php\/wp-json\/wp\/v2\/posts\/1370\/revisions\/1400"}],"wp:featuredmedia":[{"embeddable":true,"href":"https:\/\/rebub.u-bordeaux.fr\/index.php\/wp-json\/wp\/v2\/media\/2757"}],"wp:attachment":[{"href":"https:\/\/rebub.u-bordeaux.fr\/index.php\/wp-json\/wp\/v2\/media?parent=1370"}],"wp:term":[{"taxonomy":"category","embeddable":true,"href":"https:\/\/rebub.u-bordeaux.fr\/index.php\/wp-json\/wp\/v2\/categories?post=1370"},{"taxonomy":"post_tag","embeddable":true,"href":"https:\/\/rebub.u-bordeaux.fr\/index.php\/wp-json\/wp\/v2\/tags?post=1370"}],"curies":[{"name":"wp","href":"https:\/\/api.w.org\/{rel}","templated":true}]}}