	{"id":24331,"date":"2026-01-15T10:00:00","date_gmt":"2026-01-15T09:00:00","guid":{"rendered":"https:\/\/rebub.u-bordeaux.fr\/?p=24331"},"modified":"2026-01-07T11:02:45","modified_gmt":"2026-01-07T10:02:45","slug":"dernier-rappel-une-bonne-resolution-qualimarcathon-le-27-janvier","status":"publish","type":"post","link":"https:\/\/rebub.u-bordeaux.fr\/index.php\/dernier-rappel-une-bonne-resolution-qualimarcathon-le-27-janvier\/","title":{"rendered":"Dernier rappel : une bonne r\u00e9solution : Qualimarcathon le 27 janvier !"},"content":{"rendered":"\n<p>Il est encore temps ! <\/p>\n\n\n\n<p>Venez participer \u00e0 cette journ\u00e9e consacr\u00e9e \u00e0 la qualit\u00e9 des notices cr\u00e9\u00e9es par notre r\u00e9seau dans le SUDOC. Sur la base du volontariat, pour deux heures ou plus longtemps, toute participation est bienvenue. <\/p>\n\n\n\n<p>Toute la journ\u00e9e, des coll\u00e8gues exp\u00e9riment\u00e9s seront sur place pour vous accompagner en cas de besoin. Le caf\u00e9 est fourni, l&rsquo;ambiance est garantie !<\/p>\n\n\n\n<p>Vous \u00eates motiv\u00e9s ? <strong>Rendez-vous sur le fichier d&rsquo;inscription<\/strong> : toutes les infos dans <a href=\"https:\/\/rebub.u-bordeaux.fr\/index.php\/27-janvier-2026-qualimarcathon-a-vos-marc-prets-corriger\/\" data-type=\"post\" data-id=\"24208\">cet article<\/a> !<\/p>\n","protected":false},"excerpt":{"rendered":"<p>Il est encore temps ! Venez participer \u00e0 cette journ\u00e9e consacr\u00e9e \u00e0 la qualit\u00e9 des notices cr\u00e9\u00e9es par notre r\u00e9seau dans le SUDOC. Sur la base du volontariat, pour deux heures ou plus longtemps, toute participation est bienvenue. Toute la&#8230;<\/p>\n","protected":false},"author":82,"featured_media":24260,"comment_status":"closed","ping_status":"closed","sticky":false,"template":"","format":"standard","meta":[],"categories":[37],"tags":[],"post_mailing_queue_ids":[],"_links":{"self":[{"href":"https:\/\/rebub.u-bordeaux.fr\/index.php\/wp-json\/wp\/v2\/posts\/24331"}],"collection":[{"href":"https:\/\/rebub.u-bordeaux.fr\/index.php\/wp-json\/wp\/v2\/posts"}],"about":[{"href":"https:\/\/rebub.u-bordeaux.fr\/index.php\/wp-json\/wp\/v2\/types\/post"}],"author":[{"embeddable":true,"href":"https:\/\/rebub.u-bordeaux.fr\/index.php\/wp-json\/wp\/v2\/users\/82"}],"replies":[{"embeddable":true,"href":"https:\/\/rebub.u-bordeaux.fr\/index.php\/wp-json\/wp\/v2\/comments?post=24331"}],"version-history":[{"count":6,"href":"https:\/\/rebub.u-bordeaux.fr\/index.php\/wp-json\/wp\/v2\/posts\/24331\/revisions"}],"predecessor-version":[{"id":24337,"href":"https:\/\/rebub.u-bordeaux.fr\/index.php\/wp-json\/wp\/v2\/posts\/24331\/revisions\/24337"}],"wp:featuredmedia":[{"embeddable":true,"href":"https:\/\/rebub.u-bordeaux.fr\/index.php\/wp-json\/wp\/v2\/media\/24260"}],"wp:attachment":[{"href":"https:\/\/rebub.u-bordeaux.fr\/index.php\/wp-json\/wp\/v2\/media?parent=24331"}],"wp:term":[{"taxonomy":"category","embeddable":true,"href":"https:\/\/rebub.u-bordeaux.fr\/index.php\/wp-json\/wp\/v2\/categories?post=24331"},{"taxonomy":"post_tag","embeddable":true,"href":"https:\/\/rebub.u-bordeaux.fr\/index.php\/wp-json\/wp\/v2\/tags?post=24331"}],"curies":[{"name":"wp","href":"https:\/\/api.w.org\/{rel}","templated":true}]}}