	{"id":24409,"date":"2026-01-20T14:00:00","date_gmt":"2026-01-20T13:00:00","guid":{"rendered":"https:\/\/rebub.u-bordeaux.fr\/?p=24409"},"modified":"2026-01-20T13:18:36","modified_gmt":"2026-01-20T12:18:36","slug":"du-21-au-25-janvier-2026-la-lecture-sinvite-dans-la-nuit","status":"publish","type":"post","link":"https:\/\/rebub.u-bordeaux.fr\/index.php\/du-21-au-25-janvier-2026-la-lecture-sinvite-dans-la-nuit\/","title":{"rendered":"Du 21 au 25 janvier 2026, la lecture s\u2019invite dans la nuit !"},"content":{"rendered":"\n<p><\/p>\n\n\n\n<p>Plac\u00e9e sous le th\u00e8me \u00ab Villes et campagnes \u00bb, la 10\u1d49 \u00e9dition des <strong>Nuits de la lecture<\/strong> propose des milliers d\u2019\u00e9v\u00e9nements en France et \u00e0 l\u2019international pour faire rayonner le plaisir de lire.<\/p>\n\n\n\n<p>Que l\u2019on soit lecteur urbain ou amateur des grands espaces, retrouvons-nous pour c\u00e9l\u00e9brer ensemble la lecture.<\/p>\n\n\n\n<p>En partenariat avec cette manifestation, des biblioth\u00e8ques universitaires bordelaises se joignent \u00e0 l\u2019\u00e9v\u00e9nement dans plusieurs lieux. Pour en savoir plus, cliquez sur les liens ci-dessous :<\/p>\n\n\n\n<p>Le 21\/01 de 18h \u00e0 21h \u00e0 l\u2019IUT Bordeaux Montaigne et CRM IUT\/IJBA<\/p>\n\n\n\n<p><a href=\"https:\/\/www.u-bordeaux-montaigne.fr\/fr\/actualites\/culture\/nuit-de-la-lecture-a-l-iut-bordeaux-montaigne.html\" target=\"_blank\" rel=\"noreferrer noopener\">Atelier d&rsquo;\u00e9criture \u00ab\u00a0\u00e0 l&rsquo;am\u00e9ricaine\u00a0\u00bb, Jeux litt\u00e9raires et Lectures de textes<\/a><\/p>\n\n\n\n<p>Le 22\/01 de 17h30\u00e0 18h30 \u00e0 la BU Station Marne<\/p>\n\n\n\n<p><a href=\"https:\/\/www.nuitsdelalecture.fr\/programme\/cliquer-glaner-flaner-sites-et-applis-a-decouvrir-pour-profiter-de-la-nature-en-ville\" target=\"_blank\" rel=\"noreferrer noopener\">Cliquer, glaner, fl\u00e2ner : sites et applis \u00e0 d\u00e9couvrir pour profiter de la nature en ville<\/a><\/p>\n\n\n\n<p>Le 23\/01 \u00e0 partir de 18h \u00e0 la BUSH<\/p>\n\n\n\n<p><a rel=\"noreferrer noopener\" href=\"https:\/\/www.nuitsdelalecture.fr\/programme\/des-champs-ou-des-villes-suivez-nos-rats-de-bibliotheque-les-collections-patrimoniales\" target=\"_blank\">Des champs ou des villes, suivez nos rats de biblioth\u00e8que : les collections patrimoniales sortent de leur r\u00e9serve !<\/a><\/p>\n\n\n\n<p>Le 23\/01 de 18h \u00e0 22h \u00e0 la BUSH<\/p>\n\n\n\n<p><a href=\"https:\/\/www.nuitsdelalecture.fr\/programme\/atelier-coloriage-et-origami\" target=\"_blank\" rel=\"noreferrer noopener\">Atelier coloriage et origami<\/a><\/p>\n\n\n\n<p><br>Et pour d\u00e9buter les festivit\u00e9s autour de cette manifestation, rendez-vous avec une&nbsp;<a rel=\"noreferrer noopener\" href=\"https:\/\/www.u-bordeaux-montaigne.fr\/fr\/actualites\/bibliotheques\/club-de-lecture-des-bibliotheques.html\" target=\"_blank\">r\u00e9union sp\u00e9ciale du club de lecture des biblioth\u00e8ques de l&rsquo;Universit\u00e9 Bordeaux Montaigne<\/a> ce mercredi d\u00e8s 16h au CRM !<\/p>\n","protected":false},"excerpt":{"rendered":"<p>Plac\u00e9e sous le th\u00e8me \u00ab Villes et campagnes \u00bb, la 10\u1d49 \u00e9dition des Nuits de la lecture propose des milliers d\u2019\u00e9v\u00e9nements en France et \u00e0 l\u2019international pour faire rayonner le plaisir de lire. Que l\u2019on soit lecteur urbain ou amateur&#8230;<\/p>\n","protected":false},"author":86,"featured_media":24411,"comment_status":"closed","ping_status":"closed","sticky":false,"template":"","format":"standard","meta":[],"categories":[38],"tags":[],"post_mailing_queue_ids":[],"_links":{"self":[{"href":"https:\/\/rebub.u-bordeaux.fr\/index.php\/wp-json\/wp\/v2\/posts\/24409"}],"collection":[{"href":"https:\/\/rebub.u-bordeaux.fr\/index.php\/wp-json\/wp\/v2\/posts"}],"about":[{"href":"https:\/\/rebub.u-bordeaux.fr\/index.php\/wp-json\/wp\/v2\/types\/post"}],"author":[{"embeddable":true,"href":"https:\/\/rebub.u-bordeaux.fr\/index.php\/wp-json\/wp\/v2\/users\/86"}],"replies":[{"embeddable":true,"href":"https:\/\/rebub.u-bordeaux.fr\/index.php\/wp-json\/wp\/v2\/comments?post=24409"}],"version-history":[{"count":8,"href":"https:\/\/rebub.u-bordeaux.fr\/index.php\/wp-json\/wp\/v2\/posts\/24409\/revisions"}],"predecessor-version":[{"id":24430,"href":"https:\/\/rebub.u-bordeaux.fr\/index.php\/wp-json\/wp\/v2\/posts\/24409\/revisions\/24430"}],"wp:featuredmedia":[{"embeddable":true,"href":"https:\/\/rebub.u-bordeaux.fr\/index.php\/wp-json\/wp\/v2\/media\/24411"}],"wp:attachment":[{"href":"https:\/\/rebub.u-bordeaux.fr\/index.php\/wp-json\/wp\/v2\/media?parent=24409"}],"wp:term":[{"taxonomy":"category","embeddable":true,"href":"https:\/\/rebub.u-bordeaux.fr\/index.php\/wp-json\/wp\/v2\/categories?post=24409"},{"taxonomy":"post_tag","embeddable":true,"href":"https:\/\/rebub.u-bordeaux.fr\/index.php\/wp-json\/wp\/v2\/tags?post=24409"}],"curies":[{"name":"wp","href":"https:\/\/api.w.org\/{rel}","templated":true}]}}