	{"id":24969,"date":"2026-04-21T10:00:00","date_gmt":"2026-04-21T08:00:00","guid":{"rendered":"https:\/\/rebub.u-bordeaux.fr\/?p=24969"},"modified":"2026-04-21T09:57:21","modified_gmt":"2026-04-21T07:57:21","slug":"retour-sur-le-qualimarcathon","status":"publish","type":"post","link":"https:\/\/rebub.u-bordeaux.fr\/index.php\/retour-sur-le-qualimarcathon\/","title":{"rendered":"Retour sur le Qualimarcathon"},"content":{"rendered":"\n<h3 id=\"stoc-quesaco\" class=\"wpig-heading\">Qu\u00e8saco ?<\/h3>\n\n\n\n<p>Le QualiMarcathon est une <a href=\"https:\/\/rebub.u-bordeaux.fr\/index.php\/27-janvier-2026-qualimarcathon-a-vos-marc-prets-corriger\/\" data-type=\"post\" data-id=\"24208\">journ\u00e9e consacr\u00e9e \u00e0 l\u2019optimisation des notices bibliographiques<\/a> produites par les catalogueurs et catalogueuses de l\u2019INL15. Son objectif principal est d\u2019am\u00e9liorer la qualit\u00e9 du catalogue au b\u00e9n\u00e9fice des usagers.<\/p>\n\n\n\n<p>Au-del\u00e0 de cet enjeu, cette journ\u00e9e vise \u00e9galement \u00e0 proposer un moment convivial autour du catalogage.<\/p>\n\n\n\n<h3 id=\"stoc-une-mobilisation-collective-reussie\" class=\"wpig-heading\">Une mobilisation collective r\u00e9ussie<\/h3>\n\n\n\n<p>Entre l\u2019\u00e9mergence de l\u2019id\u00e9e, l\u2019appel \u00e0 volontaires et les nombreuses \u00e9tapes de pr\u00e9paration (choix du lieu et de la date, constitution des fichiers, cr\u00e9ation des supports de communication, gestion des inscriptions, installation logistique et \u00e9valuation des corrections), pr\u00e8s de 11 mois ont \u00e9t\u00e9 n\u00e9cessaires pour concr\u00e9tiser cette journ\u00e9e.<\/p>\n\n\n\n<h3 id=\"stoc-quelques-elements\" class=\"wpig-heading\">Quelques \u00e9l\u00e9ments<\/h3>\n\n\n\n<ul>\n<li>Un groupe projet motiv\u00e9 constitu\u00e9 de 3 personnes : Aur\u00e9lie Baque (Scoop), Tracy Moureau (UB) et Dominique Sabatier (UBM)<\/li>\n\n\n\n<li>40 participantes et participants issus de l\u2019UB et de l\u2019UBM dont 5 participantes \u00e0 distance (via Zoom)<\/li>\n\n\n\n<li>En moyenne, 3 heures de participation par personne, pour environ 40 erreurs trait\u00e9es<\/li>\n\n\n\n<li>Une organisation hybride sur la base du volontariat<\/li>\n<\/ul>\n\n\n\n<p>Au total, 2 265 erreurs, pouvant \u00eatre corrig\u00e9es sans le document en main, avaient \u00e9t\u00e9 identifi\u00e9es dans des notices cr\u00e9\u00e9es en 2023 et 2024, dont <strong>71 %<\/strong> ont \u00e9t\u00e9 corrig\u00e9es au cours de la journ\u00e9e !<\/p>\n\n\n\n<h3 id=\"stoc-un-temps-fort-au-dela-des-resultats\" class=\"wpig-heading\">Un temps fort au-del\u00e0 des r\u00e9sultats<\/h3>\n\n\n\n<p>Au-del\u00e0 des chiffres, le QualiMarcathon a constitu\u00e9 un v\u00e9ritable espace d\u2019\u00e9change autour des pratiques professionnelles. Il a permis le partage d\u2019exp\u00e9riences, le renforcement des comp\u00e9tences et la d\u00e9couverte de nouvelles m\u00e9thodes de travail.<\/p>\n\n\n<div class=\"wp-block-image\">\n<figure class=\"aligncenter size-large is-resized\"><img decoding=\"async\" loading=\"lazy\" src=\"https:\/\/rebub.u-bordeaux.fr\/wp-content\/uploads\/2026\/04\/qualimarcathon2-1024x638.jpg\" alt=\"\" class=\"wp-image-25040\" width=\"512\" height=\"319\" srcset=\"https:\/\/rebub.u-bordeaux.fr\/wp-content\/uploads\/2026\/04\/qualimarcathon2-1024x638.jpg 1024w, https:\/\/rebub.u-bordeaux.fr\/wp-content\/uploads\/2026\/04\/qualimarcathon2-300x187.jpg 300w, https:\/\/rebub.u-bordeaux.fr\/wp-content\/uploads\/2026\/04\/qualimarcathon2-768x479.jpg 768w, https:\/\/rebub.u-bordeaux.fr\/wp-content\/uploads\/2026\/04\/qualimarcathon2.jpg 1386w\" sizes=\"(max-width: 512px) 100vw, 512px\" \/><\/figure><\/div>\n\n\n<p>La participation volontaire nombreuse t\u00e9moigne de l\u2019adh\u00e9sion au dispositif et de l\u2019efficacit\u00e9 de sa communication.<\/p>\n\n\n<div class=\"wp-block-image\">\n<figure class=\"aligncenter size-large is-resized\"><img decoding=\"async\" loading=\"lazy\" src=\"https:\/\/rebub.u-bordeaux.fr\/wp-content\/uploads\/2026\/04\/qualimarcathon1-1024x576.jpg\" alt=\"\" class=\"wp-image-25042\" width=\"512\" height=\"288\" srcset=\"https:\/\/rebub.u-bordeaux.fr\/wp-content\/uploads\/2026\/04\/qualimarcathon1-1024x576.jpg 1024w, https:\/\/rebub.u-bordeaux.fr\/wp-content\/uploads\/2026\/04\/qualimarcathon1-300x169.jpg 300w, https:\/\/rebub.u-bordeaux.fr\/wp-content\/uploads\/2026\/04\/qualimarcathon1-768x432.jpg 768w, https:\/\/rebub.u-bordeaux.fr\/wp-content\/uploads\/2026\/04\/qualimarcathon1.jpg 1386w\" sizes=\"(max-width: 512px) 100vw, 512px\" \/><\/figure><\/div>\n\n\n<h3 id=\"stoc-et-apres\" class=\"wpig-heading\">Et apr\u00e8s ?<\/h3>\n\n\n\n<p>Ce succ\u00e8s ouvre des perspectives tr\u00e8s encourageantes : reconduction de l\u2019\u00e9v\u00e9nement, mais aussi mise en place de nouveaux temps de rencontre pour croiser les savoirs, les pratiques et les approches autour de th\u00e9matiques vari\u00e9es.<\/p>\n\n\n\n<p>Des sollicitations ont d\u2019ores et d\u00e9j\u00e0 \u00e9t\u00e9 formul\u00e9es pour organiser d\u2019autres QualiMarcathon.<\/p>\n\n\n\n<p>Cette \u00e9dition s&rsquo;est d\u00e9roul\u00e9e dans une ambiance particuli\u00e8rement studieuse, reflet de l\u2019implication collective.<\/p>\n\n\n\n<p class=\"has-text-align-center has-medium-font-size\"><strong>Merci \u00e0 toutes et tous pour votre implication ! <\/strong><\/p>\n\n\n<div class=\"wp-block-image\">\n<figure class=\"aligncenter size-large is-resized\"><img decoding=\"async\" loading=\"lazy\" src=\"https:\/\/rebub.u-bordeaux.fr\/wp-content\/uploads\/2026\/04\/20260408_111716-768x1024.jpg\" alt=\"\" class=\"wp-image-25021\" width=\"384\" height=\"512\" srcset=\"https:\/\/rebub.u-bordeaux.fr\/wp-content\/uploads\/2026\/04\/20260408_111716-768x1024.jpg 768w, https:\/\/rebub.u-bordeaux.fr\/wp-content\/uploads\/2026\/04\/20260408_111716-225x300.jpg 225w, https:\/\/rebub.u-bordeaux.fr\/wp-content\/uploads\/2026\/04\/20260408_111716-1152x1536.jpg 1152w, https:\/\/rebub.u-bordeaux.fr\/wp-content\/uploads\/2026\/04\/20260408_111716-1536x2048.jpg 1536w, https:\/\/rebub.u-bordeaux.fr\/wp-content\/uploads\/2026\/04\/20260408_111716-scaled.jpg 1920w\" sizes=\"(max-width: 384px) 100vw, 384px\" \/><\/figure><\/div>","protected":false},"excerpt":{"rendered":"<p>Table des mati\u00e8res[ Show ]Qu\u00e8saco ?Une mobilisation collective r\u00e9ussieQuelques \u00e9l\u00e9mentsUn temps fort au-del\u00e0 des r\u00e9sultatsEt apr\u00e8s ?Qu\u00e8saco ? Le QualiMarcathon est une journ\u00e9e consacr\u00e9e \u00e0 l\u2019optimisation des notices bibliographiques produites par les catalogueurs et catalogueuses de l\u2019INL15. Son objectif principal&#8230;<\/p>\n","protected":false},"author":86,"featured_media":24260,"comment_status":"closed","ping_status":"closed","sticky":false,"template":"","format":"standard","meta":[],"categories":[37],"tags":[],"post_mailing_queue_ids":[],"_links":{"self":[{"href":"https:\/\/rebub.u-bordeaux.fr\/index.php\/wp-json\/wp\/v2\/posts\/24969"}],"collection":[{"href":"https:\/\/rebub.u-bordeaux.fr\/index.php\/wp-json\/wp\/v2\/posts"}],"about":[{"href":"https:\/\/rebub.u-bordeaux.fr\/index.php\/wp-json\/wp\/v2\/types\/post"}],"author":[{"embeddable":true,"href":"https:\/\/rebub.u-bordeaux.fr\/index.php\/wp-json\/wp\/v2\/users\/86"}],"replies":[{"embeddable":true,"href":"https:\/\/rebub.u-bordeaux.fr\/index.php\/wp-json\/wp\/v2\/comments?post=24969"}],"version-history":[{"count":16,"href":"https:\/\/rebub.u-bordeaux.fr\/index.php\/wp-json\/wp\/v2\/posts\/24969\/revisions"}],"predecessor-version":[{"id":25054,"href":"https:\/\/rebub.u-bordeaux.fr\/index.php\/wp-json\/wp\/v2\/posts\/24969\/revisions\/25054"}],"wp:featuredmedia":[{"embeddable":true,"href":"https:\/\/rebub.u-bordeaux.fr\/index.php\/wp-json\/wp\/v2\/media\/24260"}],"wp:attachment":[{"href":"https:\/\/rebub.u-bordeaux.fr\/index.php\/wp-json\/wp\/v2\/media?parent=24969"}],"wp:term":[{"taxonomy":"category","embeddable":true,"href":"https:\/\/rebub.u-bordeaux.fr\/index.php\/wp-json\/wp\/v2\/categories?post=24969"},{"taxonomy":"post_tag","embeddable":true,"href":"https:\/\/rebub.u-bordeaux.fr\/index.php\/wp-json\/wp\/v2\/tags?post=24969"}],"curies":[{"name":"wp","href":"https:\/\/api.w.org\/{rel}","templated":true}]}}